{"id":9658,"date":"2020-06-23T20:19:24","date_gmt":"2020-06-23T23:19:24","guid":{"rendered":"http:\/\/www.revistarescatados.com.ar\/web\/?p=9658"},"modified":"2020-06-23T20:19:26","modified_gmt":"2020-06-23T23:19:26","slug":"capacitacion-en-el-centro-de-aislamiento","status":"publish","type":"post","link":"https:\/\/www.revistarescatados.com.ar\/web\/2020\/06\/23\/capacitacion-en-el-centro-de-aislamiento\/","title":{"rendered":"Capacitaci\u00f3n en el Centro de Aislamiento"},"content":{"rendered":"\n<figure class=\"wp-block-image size-large\"><img loading=\"lazy\" width=\"778\" height=\"583\" src=\"http:\/\/www.revistarescatados.com.ar\/web\/wp-content\/uploads\/2020\/06\/capacitacion-CIC.jpg\" alt=\"\" class=\"wp-image-9659\" srcset=\"https:\/\/www.revistarescatados.com.ar\/web\/wp-content\/uploads\/2020\/06\/capacitacion-CIC.jpg 778w, https:\/\/www.revistarescatados.com.ar\/web\/wp-content\/uploads\/2020\/06\/capacitacion-CIC-300x225.jpg 300w, https:\/\/www.revistarescatados.com.ar\/web\/wp-content\/uploads\/2020\/06\/capacitacion-CIC-768x576.jpg 768w\" sizes=\"(max-width: 778px) 100vw, 778px\" \/><\/figure>\n\n\n\n<p><strong><span class=\"has-inline-color has-vivid-red-color\">El Dr. Oscar Aguirre brind\u00f3 una capacitaci\u00f3n al personal temporario del Centro de Aislamiento para pacientes con s\u00edntomas leves de Covid 19, que fue preparado preventivamente en el CIC.<\/span><\/strong><\/p>\n\n\n\n<p>El m\u00e9dico, encargado de Covid 19 en el SAMCo local, asesor\u00f3 sobre uso de indumentaria, atenci\u00f3n al paciente y medidas de prevenci\u00f3n.<\/p>\n","protected":false},"excerpt":{"rendered":"<p>El Dr. Oscar Aguirre brind\u00f3 una capacitaci\u00f3n al personal temporario del Centro de Aislamiento para pacientes con s\u00edntomas leves de Covid 19, que fue preparado preventivamente en el CIC. El m\u00e9dico, encargado&#46;&#46;&#46;<\/p>\n","protected":false},"author":1,"featured_media":9659,"comment_status":"closed","ping_status":"open","sticky":false,"template":"","format":"standard","meta":[],"categories":[2,3,9],"tags":[],"_links":{"self":[{"href":"https:\/\/www.revistarescatados.com.ar\/web\/wp-json\/wp\/v2\/posts\/9658"}],"collection":[{"href":"https:\/\/www.revistarescatados.com.ar\/web\/wp-json\/wp\/v2\/posts"}],"about":[{"href":"https:\/\/www.revistarescatados.com.ar\/web\/wp-json\/wp\/v2\/types\/post"}],"author":[{"embeddable":true,"href":"https:\/\/www.revistarescatados.com.ar\/web\/wp-json\/wp\/v2\/users\/1"}],"replies":[{"embeddable":true,"href":"https:\/\/www.revistarescatados.com.ar\/web\/wp-json\/wp\/v2\/comments?post=9658"}],"version-history":[{"count":1,"href":"https:\/\/www.revistarescatados.com.ar\/web\/wp-json\/wp\/v2\/posts\/9658\/revisions"}],"predecessor-version":[{"id":9660,"href":"https:\/\/www.revistarescatados.com.ar\/web\/wp-json\/wp\/v2\/posts\/9658\/revisions\/9660"}],"wp:featuredmedia":[{"embeddable":true,"href":"https:\/\/www.revistarescatados.com.ar\/web\/wp-json\/wp\/v2\/media\/9659"}],"wp:attachment":[{"href":"https:\/\/www.revistarescatados.com.ar\/web\/wp-json\/wp\/v2\/media?parent=9658"}],"wp:term":[{"taxonomy":"category","embeddable":true,"href":"https:\/\/www.revistarescatados.com.ar\/web\/wp-json\/wp\/v2\/categories?post=9658"},{"taxonomy":"post_tag","embeddable":true,"href":"https:\/\/www.revistarescatados.com.ar\/web\/wp-json\/wp\/v2\/tags?post=9658"}],"curies":[{"name":"wp","href":"https:\/\/api.w.org\/{rel}","templated":true}]}}