{"id":9664,"date":"2020-06-23T23:22:29","date_gmt":"2020-06-24T02:22:29","guid":{"rendered":"http:\/\/www.revistarescatados.com.ar\/web\/?p=9664"},"modified":"2020-06-24T01:02:08","modified_gmt":"2020-06-24T04:02:08","slug":"fabian-bastia-entregamos-con-una-epe-con-superavit-y-patrimonialmente-solida","status":"publish","type":"post","link":"https:\/\/www.revistarescatados.com.ar\/web\/2020\/06\/23\/fabian-bastia-entregamos-con-una-epe-con-superavit-y-patrimonialmente-solida\/","title":{"rendered":"Fabi\u00e1n Bast\u00eda: \u201cEntregamos con una EPE con super\u00e1vit y patrimonialmente s\u00f3lida\u201d (video)"},"content":{"rendered":"\n<figure class=\"wp-block-image size-large is-resized\"><img loading=\"lazy\" src=\"http:\/\/www.revistarescatados.com.ar\/web\/wp-content\/uploads\/2020\/06\/Fabi\u00e1n-Bast\u00eda-en-Calchaqu\u00ed-1024x532.jpg\" alt=\"\" class=\"wp-image-9665\" width=\"596\" height=\"309\" srcset=\"https:\/\/www.revistarescatados.com.ar\/web\/wp-content\/uploads\/2020\/06\/Fabi\u00e1n-Bast\u00eda-en-Calchaqu\u00ed-1024x532.jpg 1024w, https:\/\/www.revistarescatados.com.ar\/web\/wp-content\/uploads\/2020\/06\/Fabi\u00e1n-Bast\u00eda-en-Calchaqu\u00ed-300x156.jpg 300w, https:\/\/www.revistarescatados.com.ar\/web\/wp-content\/uploads\/2020\/06\/Fabi\u00e1n-Bast\u00eda-en-Calchaqu\u00ed-768x399.jpg 768w, https:\/\/www.revistarescatados.com.ar\/web\/wp-content\/uploads\/2020\/06\/Fabi\u00e1n-Bast\u00eda-en-Calchaqu\u00ed.jpg 1382w\" sizes=\"(max-width: 596px) 100vw, 596px\" \/><\/figure>\n\n\n\n<p><strong><span class=\"has-inline-color has-vivid-red-color\">As\u00ed lo afirm\u00f3 el legislador\u00a0 del FPCyS- UCR &#8211; quien fuera su vicepresidente en la gesti\u00f3n de Lifchitz &#8211; en su visita a Calchaqu\u00ed, donde estuvo reunido con dirigentes y vecinos. Adem\u00e1s se refiri\u00f3 a la reforma fiscal de Perotti y su postura sobre la causa Vicent\u00edn.<\/span><\/strong><\/p>\n\n\n\n<p>El diputado provincial del FPCyS- UCR Fabi\u00e1n Bast\u00eda, acompa\u00f1ado de Juliana Cailliat, estuvo reunido con dirigentes de su espacio pol\u00edtico en Calchaqu\u00ed. Es abogado y docente, oriundo de Gobernador Crespo que asumi\u00f3 su banca el 10 de diciembre del a\u00f1o pasado. Dentro de su agenda de trabajo y gesti\u00f3n est\u00e1 en permanente contacto con los actores pol\u00edticos e institucionales de las localidades del departamento san Justo, San Javier y Vera.<\/p>\n\n\n\n<p>\u201cVamos escuchando y viendo las necesidades, las iniciativas pero sobre todo estamos en un proceso de construcci\u00f3n pol\u00edtica&nbsp; dentro del Frente y nuestro espacio que es la Uni\u00f3n C\u00edvica Radical\u201d, indic\u00f3.<\/p>\n\n\n\n<p>En la gesti\u00f3n de Miguel Lifschitz, fue vicepresidente de la EPE. \u201cCaussi cuando deb\u00eda constituir un directorio desde cero, gener\u00f3 una intervenci\u00f3n que nunca entendimos. Se empez\u00f3 con un relato de que la empresa ten\u00eda deudas, que estaba fundida. Perotti encarg\u00f3 una auditoria para toda la gesti\u00f3n. Hace 20 d\u00edas se conoci\u00f3 el resultado y se cay\u00f3 el relato\u201d, remarc\u00f3.<\/p>\n\n\n\n<figure class=\"wp-block-embed-facebook wp-block-embed is-type-video is-provider-facebook\"><div class=\"wp-block-embed__wrapper\">\n<div id=\"fb-root\"><\/div><script async=\"1\" defer=\"1\" crossorigin=\"anonymous\" src=\"https:\/\/connect.facebook.net\/en_US\/sdk.js#xfbml=1&amp;version=v7.0\" nonce=\"GuqRgD7z\"><\/script><div class=\"fb-video\" data-href=\"https:\/\/www.facebook.com\/rescatados.calchaqui.5\/videos\/195194898481132\/\" data-width=\"500\"><blockquote cite=\"https:\/\/www.facebook.com\/rescatados.calchaqui.5\/videos\/195194898481132\/\" class=\"fb-xfbml-parse-ignore\"><a href=\"https:\/\/www.facebook.com\/rescatados.calchaqui.5\/videos\/195194898481132\/\">NOTA DIPUTADO FABI\u00c1N BAST\u00cdA<\/a><p>EL DIPUTADO FABI\u00c1N BAST\u00cdA (FPCyS-UCR) EN CALCHAQU\u00cdEl legislador provincial estuvo reunido con dirigentes de su espacio pol\u00edtico con una agenda abierta. En la entrevista se refiere a la auditoria econ\u00f3mica dde la EPE, de la cual fue vicepresidente en la gesti\u00f3n anterior. Adem\u00e1s sobre los impuestos a la producci\u00f3n aropecuaria y la ituaci\u00f3n de Vicent\u00edn.<\/p>Posted by <a href=\"https:\/\/www.facebook.com\/rescatados.calchaqui.5\/\">Rescatados Television &#8211; Calchaqui<\/a> on Tuesday, June 23, 2020<\/blockquote><\/div>\n<\/div><\/figure>\n\n\n\n<p>Seg\u00fan destac\u00f3 la deuda de la EPE al momento de entregar la gesti\u00f3n, eran dos cheques por 2000 millones de pesos \u201cy estaba el dinero en caja\u201d. Adem\u00e1s agreg\u00f3 que \u201cel balance cerrado el 31 de diciembre arroj\u00f3 1100 millones de pesos de super\u00e1vit, despu\u00e9s de pagar impuestos a las ganancias. Contemplando 15.000 millones de pesos de patrimonio neto a moneda actualizada\u201d, valor\u00f3. Adem\u00e1s a\u00f1adi\u00f3 que se hicieron 2000 millones de pesos en inversiones con una tarifa congelada, con tarifas sociales y especiales; al tiempo que se absorbieron los aumentos de mayo y agosto 2019.<\/p>\n\n\n\n<p>En la primera sesi\u00f3n del a\u00f1o, Bast\u00eda present\u00f3 un proyecto \u2013 aprobado por unanimidad &#8211; para que a los grandes consumidores, ante la recesi\u00f3n producto de la pandemia, no se le cobre la potencia fija contratada sino solo la energ\u00eda consumida; como tambi\u00e9n que no se haga una estimaci\u00f3n de consumo a los comercios cerrados.<\/p>\n\n\n\n<p>\u201cEstoy totalmente en contra de los aumentos de los impuestos\u201d, indic\u00f3. Hizo referencia al \u201crecorte al &nbsp;impuestazo\u201d enviado por Perotti a la legislatura y \u201cmorigeramos la reforma fiscal\u201d.<\/p>\n\n\n\n<p>Manifest\u00f3 su postura contraria a la intervenci\u00f3n y expropiaci\u00f3n de Vicent\u00edn. \u201cLa salida tiene que estar en el funcionamiento de las instituciones. Aqu\u00ed hay un juez trabajando y hay que dejarlo trabajar, hay una empresa que tiene dificultades y accedi\u00f3 a un concurso de acreedores. Es el carril que debe recorrer\u201d, destac\u00f3. Tambi\u00e9n record\u00f3 que un alto directivo de Vicent\u00edn fue mencionado en la causa de los cuadernos junto a la actual vicepresidenta. \u201cSeparemos directivos de empresa, que hay que preservarla, hay que cuidarla. Santa fe debe estar presente en la atenci\u00f3n de ese problema\u201d, finaliz\u00f3.<\/p>\n","protected":false},"excerpt":{"rendered":"<p>As\u00ed lo afirm\u00f3 el legislador\u00a0 del FPCyS- UCR &#8211; quien fuera su vicepresidente en la gesti\u00f3n de Lifchitz &#8211; en su visita a Calchaqu\u00ed, donde estuvo reunido con dirigentes y vecinos. Adem\u00e1s&#46;&#46;&#46;<\/p>\n","protected":false},"author":1,"featured_media":9665,"comment_status":"closed","ping_status":"open","sticky":false,"template":"","format":"standard","meta":[],"categories":[2,3,16,13],"tags":[],"_links":{"self":[{"href":"https:\/\/www.revistarescatados.com.ar\/web\/wp-json\/wp\/v2\/posts\/9664"}],"collection":[{"href":"https:\/\/www.revistarescatados.com.ar\/web\/wp-json\/wp\/v2\/posts"}],"about":[{"href":"https:\/\/www.revistarescatados.com.ar\/web\/wp-json\/wp\/v2\/types\/post"}],"author":[{"embeddable":true,"href":"https:\/\/www.revistarescatados.com.ar\/web\/wp-json\/wp\/v2\/users\/1"}],"replies":[{"embeddable":true,"href":"https:\/\/www.revistarescatados.com.ar\/web\/wp-json\/wp\/v2\/comments?post=9664"}],"version-history":[{"count":2,"href":"https:\/\/www.revistarescatados.com.ar\/web\/wp-json\/wp\/v2\/posts\/9664\/revisions"}],"predecessor-version":[{"id":9667,"href":"https:\/\/www.revistarescatados.com.ar\/web\/wp-json\/wp\/v2\/posts\/9664\/revisions\/9667"}],"wp:featuredmedia":[{"embeddable":true,"href":"https:\/\/www.revistarescatados.com.ar\/web\/wp-json\/wp\/v2\/media\/9665"}],"wp:attachment":[{"href":"https:\/\/www.revistarescatados.com.ar\/web\/wp-json\/wp\/v2\/media?parent=9664"}],"wp:term":[{"taxonomy":"category","embeddable":true,"href":"https:\/\/www.revistarescatados.com.ar\/web\/wp-json\/wp\/v2\/categories?post=9664"},{"taxonomy":"post_tag","embeddable":true,"href":"https:\/\/www.revistarescatados.com.ar\/web\/wp-json\/wp\/v2\/tags?post=9664"}],"curies":[{"name":"wp","href":"https:\/\/api.w.org\/{rel}","templated":true}]}}