{"id":9677,"date":"2020-06-24T23:28:49","date_gmt":"2020-06-25T02:28:49","guid":{"rendered":"http:\/\/www.revistarescatados.com.ar\/web\/?p=9677"},"modified":"2020-06-24T23:28:51","modified_gmt":"2020-06-25T02:28:51","slug":"para-evitar-el-transito-pesado-colocan-delimitadores-de-altura-en-calchaqui","status":"publish","type":"post","link":"https:\/\/www.revistarescatados.com.ar\/web\/2020\/06\/24\/para-evitar-el-transito-pesado-colocan-delimitadores-de-altura-en-calchaqui\/","title":{"rendered":"Para evitar el tr\u00e1nsito pesado, colocan delimitadores de altura en Calchaqu\u00ed"},"content":{"rendered":"\n<figure class=\"wp-block-image size-large\"><img loading=\"lazy\" width=\"960\" height=\"720\" src=\"http:\/\/www.revistarescatados.com.ar\/web\/wp-content\/uploads\/2020\/06\/delimitador-1.jpg\" alt=\"\" class=\"wp-image-9678\" srcset=\"https:\/\/www.revistarescatados.com.ar\/web\/wp-content\/uploads\/2020\/06\/delimitador-1.jpg 960w, https:\/\/www.revistarescatados.com.ar\/web\/wp-content\/uploads\/2020\/06\/delimitador-1-300x225.jpg 300w, https:\/\/www.revistarescatados.com.ar\/web\/wp-content\/uploads\/2020\/06\/delimitador-1-768x576.jpg 768w\" sizes=\"(max-width: 960px) 100vw, 960px\" \/><\/figure>\n\n\n\n<p><strong><span class=\"has-inline-color has-vivid-red-color\">Los nuevos arcos se realizaron en el corral\u00f3n municipal con hierros reciclados. Se instalaron en cinco esquinas de la ciudad permitiendo el paso de veh\u00edculos de hasta 2,70 metros.<\/span><\/strong><\/p>\n\n\n\n<p> Los \u00faltimos fueron colocados en:<\/p>\n\n\n\n<p>\u26a0\ufe0f A P Justo y Col\u00f3n<\/p>\n\n\n\n<p>\u26a0\ufe0fUrquiza y Moreno<\/p>\n\n\n\n<p>\u26a0\ufe0fSanta Fe e Ituzaing\u00f3<\/p>\n\n\n\n<p>\u26a0\ufe0fSe repar\u00f3 el de Rivadavia y Moreno.<\/p>\n\n\n\n<p>\u26a0\ufe0fMoreno y Tucum\u00e1n<\/p>\n\n\n\n<p>Estos delimitadores se suman a los colocados en:<\/p>\n\n\n\n<p>\u26a0\ufe0fMitre y Moreno<\/p>\n\n\n\n<p>\u26a0\ufe0f Ituzaing\u00f3 y 9 de julio<\/p>\n\n\n\n<p>\u26a0\ufe0fRoque S\u00e1enz Pe\u00f1a y la cortada Fumis (frente a corral\u00f3n Don Osvaldo)<\/p>\n\n\n\n<p>\u26a0\ufe0fSalta y Juan de Garay<\/p>\n\n\n\n<p>\u26a0\ufe0fTambi\u00e9n se repar\u00f3 el delimitador ubicado en San Lorenzo al 50.<\/p>\n\n\n\n<p>\u2757Los delimitadores de altura restringen la circulaci\u00f3n de veh\u00edculos de gran porte por lo que se solicita precauci\u00f3n al circular.<\/p>\n","protected":false},"excerpt":{"rendered":"<p>Los nuevos arcos se realizaron en el corral\u00f3n municipal con hierros reciclados. Se instalaron en cinco esquinas de la ciudad permitiendo el paso de veh\u00edculos de hasta 2,70 metros. Los \u00faltimos fueron&#46;&#46;&#46;<\/p>\n","protected":false},"author":1,"featured_media":9678,"comment_status":"closed","ping_status":"open","sticky":false,"template":"","format":"standard","meta":[],"categories":[2,3,16,8],"tags":[],"_links":{"self":[{"href":"https:\/\/www.revistarescatados.com.ar\/web\/wp-json\/wp\/v2\/posts\/9677"}],"collection":[{"href":"https:\/\/www.revistarescatados.com.ar\/web\/wp-json\/wp\/v2\/posts"}],"about":[{"href":"https:\/\/www.revistarescatados.com.ar\/web\/wp-json\/wp\/v2\/types\/post"}],"author":[{"embeddable":true,"href":"https:\/\/www.revistarescatados.com.ar\/web\/wp-json\/wp\/v2\/users\/1"}],"replies":[{"embeddable":true,"href":"https:\/\/www.revistarescatados.com.ar\/web\/wp-json\/wp\/v2\/comments?post=9677"}],"version-history":[{"count":1,"href":"https:\/\/www.revistarescatados.com.ar\/web\/wp-json\/wp\/v2\/posts\/9677\/revisions"}],"predecessor-version":[{"id":9679,"href":"https:\/\/www.revistarescatados.com.ar\/web\/wp-json\/wp\/v2\/posts\/9677\/revisions\/9679"}],"wp:featuredmedia":[{"embeddable":true,"href":"https:\/\/www.revistarescatados.com.ar\/web\/wp-json\/wp\/v2\/media\/9678"}],"wp:attachment":[{"href":"https:\/\/www.revistarescatados.com.ar\/web\/wp-json\/wp\/v2\/media?parent=9677"}],"wp:term":[{"taxonomy":"category","embeddable":true,"href":"https:\/\/www.revistarescatados.com.ar\/web\/wp-json\/wp\/v2\/categories?post=9677"},{"taxonomy":"post_tag","embeddable":true,"href":"https:\/\/www.revistarescatados.com.ar\/web\/wp-json\/wp\/v2\/tags?post=9677"}],"curies":[{"name":"wp","href":"https:\/\/api.w.org\/{rel}","templated":true}]}}