{"id":9793,"date":"2020-07-05T13:36:14","date_gmt":"2020-07-05T16:36:14","guid":{"rendered":"http:\/\/www.revistarescatados.com.ar\/web\/?p=9793"},"modified":"2020-07-05T13:36:16","modified_gmt":"2020-07-05T16:36:16","slug":"un-adulto-mayor-de-ceres-es-el-sexto-deceso-por-covid-19-en-la-provincia","status":"publish","type":"post","link":"https:\/\/www.revistarescatados.com.ar\/web\/2020\/07\/05\/un-adulto-mayor-de-ceres-es-el-sexto-deceso-por-covid-19-en-la-provincia\/","title":{"rendered":"Un adulto mayor de Ceres es el sexto deceso por Covid 19 en la provincia"},"content":{"rendered":"\n<figure class=\"wp-block-image size-large\"><img loading=\"lazy\" width=\"1024\" height=\"576\" src=\"http:\/\/www.revistarescatados.com.ar\/web\/wp-content\/uploads\/2020\/03\/coronavirus-1-1024x576.jpg\" alt=\"\" class=\"wp-image-8368\" srcset=\"https:\/\/www.revistarescatados.com.ar\/web\/wp-content\/uploads\/2020\/03\/coronavirus-1-1024x576.jpg 1024w, https:\/\/www.revistarescatados.com.ar\/web\/wp-content\/uploads\/2020\/03\/coronavirus-1-300x169.jpg 300w, https:\/\/www.revistarescatados.com.ar\/web\/wp-content\/uploads\/2020\/03\/coronavirus-1-768x432.jpg 768w\" sizes=\"(max-width: 1024px) 100vw, 1024px\" \/><\/figure>\n\n\n\n<p><strong><span class=\"has-inline-color has-vivid-red-color\">Se trata de un hombre de 76 a\u00f1os oriundo de la ciudad de Ceres, con antecedentes de m\u00faltiples comorbilidades, que estaba internado en el Hospital Cullen de Santa Fe.<\/span><\/strong><\/p>\n\n\n\n<p>El Ministerio de Salud de la Provincia de Santa comunica a la poblaci\u00f3n que en el d\u00eda de la fecha se produjo el sexto deceso por COVID19 en nuestra provincia.<\/p>\n\n\n\n<p><br>Se trata de un hombre de 76 a\u00f1os oriundo de la ciudad de Ceres, con antecedentes de m\u00faltiples comorbilidades. Diagnosticado en su ciudad de COVID-19, debi\u00f3 ser trasladado e internado en cuidados intensivos en un hospital de la ciudad de Santa Fe donde se encontraba desde hac\u00eda 16 d\u00edas, recibiendo todas las medidas de cuidado disponible. Desde su ingreso presentaba un pron\u00f3stico reservado debido a sus condiciones basales.<\/p>\n","protected":false},"excerpt":{"rendered":"<p>Se trata de un hombre de 76 a\u00f1os oriundo de la ciudad de Ceres, con antecedentes de m\u00faltiples comorbilidades, que estaba internado en el Hospital Cullen de Santa Fe. El Ministerio de&#46;&#46;&#46;<\/p>\n","protected":false},"author":1,"featured_media":8368,"comment_status":"closed","ping_status":"open","sticky":false,"template":"","format":"standard","meta":[],"categories":[12,9],"tags":[],"_links":{"self":[{"href":"https:\/\/www.revistarescatados.com.ar\/web\/wp-json\/wp\/v2\/posts\/9793"}],"collection":[{"href":"https:\/\/www.revistarescatados.com.ar\/web\/wp-json\/wp\/v2\/posts"}],"about":[{"href":"https:\/\/www.revistarescatados.com.ar\/web\/wp-json\/wp\/v2\/types\/post"}],"author":[{"embeddable":true,"href":"https:\/\/www.revistarescatados.com.ar\/web\/wp-json\/wp\/v2\/users\/1"}],"replies":[{"embeddable":true,"href":"https:\/\/www.revistarescatados.com.ar\/web\/wp-json\/wp\/v2\/comments?post=9793"}],"version-history":[{"count":1,"href":"https:\/\/www.revistarescatados.com.ar\/web\/wp-json\/wp\/v2\/posts\/9793\/revisions"}],"predecessor-version":[{"id":9794,"href":"https:\/\/www.revistarescatados.com.ar\/web\/wp-json\/wp\/v2\/posts\/9793\/revisions\/9794"}],"wp:featuredmedia":[{"embeddable":true,"href":"https:\/\/www.revistarescatados.com.ar\/web\/wp-json\/wp\/v2\/media\/8368"}],"wp:attachment":[{"href":"https:\/\/www.revistarescatados.com.ar\/web\/wp-json\/wp\/v2\/media?parent=9793"}],"wp:term":[{"taxonomy":"category","embeddable":true,"href":"https:\/\/www.revistarescatados.com.ar\/web\/wp-json\/wp\/v2\/categories?post=9793"},{"taxonomy":"post_tag","embeddable":true,"href":"https:\/\/www.revistarescatados.com.ar\/web\/wp-json\/wp\/v2\/tags?post=9793"}],"curies":[{"name":"wp","href":"https:\/\/api.w.org\/{rel}","templated":true}]}}