{"id":9838,"date":"2020-07-07T22:28:37","date_gmt":"2020-07-08T01:28:37","guid":{"rendered":"http:\/\/www.revistarescatados.com.ar\/web\/?p=9838"},"modified":"2020-07-07T22:28:39","modified_gmt":"2020-07-08T01:28:39","slug":"ordenan-la-obligatoriedad-de-construir-alcantarillas-en-los-ingresos-a-inmuebles-de-berna","status":"publish","type":"post","link":"https:\/\/www.revistarescatados.com.ar\/web\/2020\/07\/07\/ordenan-la-obligatoriedad-de-construir-alcantarillas-en-los-ingresos-a-inmuebles-de-berna\/","title":{"rendered":"Ordenan la obligatoriedad de construir alcantarillas en los ingresos a inmuebles de Berna"},"content":{"rendered":"\n<figure class=\"wp-block-image size-large\"><img loading=\"lazy\" width=\"1024\" height=\"496\" src=\"http:\/\/www.revistarescatados.com.ar\/web\/wp-content\/uploads\/2020\/07\/berna-1024x496.jpg\" alt=\"\" class=\"wp-image-9840\" srcset=\"https:\/\/www.revistarescatados.com.ar\/web\/wp-content\/uploads\/2020\/07\/berna-1024x496.jpg 1024w, https:\/\/www.revistarescatados.com.ar\/web\/wp-content\/uploads\/2020\/07\/berna-300x145.jpg 300w, https:\/\/www.revistarescatados.com.ar\/web\/wp-content\/uploads\/2020\/07\/berna-768x372.jpg 768w, https:\/\/www.revistarescatados.com.ar\/web\/wp-content\/uploads\/2020\/07\/berna.jpg 1276w\" sizes=\"(max-width: 1024px) 100vw, 1024px\" \/><\/figure>\n\n\n\n<p><strong><span class=\"has-inline-color has-vivid-red-color\">La Comuna de Berna promulg\u00f3 la ordenanza N\u00ba 386, que obliga a los frentistas a su construcci\u00f3n incluso en terrenos bald\u00edos, para mejorar el escurrimiento del agua por las cunetas.<\/span><\/strong><\/p>\n\n\n\n<p>Aqu\u00ed el texto completo de la normativa, que es refrendada por el presidente comunal Danilo Fere\u00edn.<\/p>\n\n\n\n<figure class=\"wp-block-image size-large\"><img loading=\"lazy\" width=\"586\" height=\"960\" src=\"http:\/\/www.revistarescatados.com.ar\/web\/wp-content\/uploads\/2020\/07\/berna-ordenanza.jpg\" alt=\"\" class=\"wp-image-9839\" srcset=\"https:\/\/www.revistarescatados.com.ar\/web\/wp-content\/uploads\/2020\/07\/berna-ordenanza.jpg 586w, https:\/\/www.revistarescatados.com.ar\/web\/wp-content\/uploads\/2020\/07\/berna-ordenanza-183x300.jpg 183w\" sizes=\"(max-width: 586px) 100vw, 586px\" \/><\/figure>\n","protected":false},"excerpt":{"rendered":"<p>La Comuna de Berna promulg\u00f3 la ordenanza N\u00ba 386, que obliga a los frentistas a su construcci\u00f3n incluso en terrenos bald\u00edos, para mejorar el escurrimiento del agua por las cunetas. Aqu\u00ed el&#46;&#46;&#46;<\/p>\n","protected":false},"author":1,"featured_media":9840,"comment_status":"closed","ping_status":"open","sticky":false,"template":"","format":"standard","meta":[],"categories":[6,10,8],"tags":[22,21],"_links":{"self":[{"href":"https:\/\/www.revistarescatados.com.ar\/web\/wp-json\/wp\/v2\/posts\/9838"}],"collection":[{"href":"https:\/\/www.revistarescatados.com.ar\/web\/wp-json\/wp\/v2\/posts"}],"about":[{"href":"https:\/\/www.revistarescatados.com.ar\/web\/wp-json\/wp\/v2\/types\/post"}],"author":[{"embeddable":true,"href":"https:\/\/www.revistarescatados.com.ar\/web\/wp-json\/wp\/v2\/users\/1"}],"replies":[{"embeddable":true,"href":"https:\/\/www.revistarescatados.com.ar\/web\/wp-json\/wp\/v2\/comments?post=9838"}],"version-history":[{"count":1,"href":"https:\/\/www.revistarescatados.com.ar\/web\/wp-json\/wp\/v2\/posts\/9838\/revisions"}],"predecessor-version":[{"id":9841,"href":"https:\/\/www.revistarescatados.com.ar\/web\/wp-json\/wp\/v2\/posts\/9838\/revisions\/9841"}],"wp:featuredmedia":[{"embeddable":true,"href":"https:\/\/www.revistarescatados.com.ar\/web\/wp-json\/wp\/v2\/media\/9840"}],"wp:attachment":[{"href":"https:\/\/www.revistarescatados.com.ar\/web\/wp-json\/wp\/v2\/media?parent=9838"}],"wp:term":[{"taxonomy":"category","embeddable":true,"href":"https:\/\/www.revistarescatados.com.ar\/web\/wp-json\/wp\/v2\/categories?post=9838"},{"taxonomy":"post_tag","embeddable":true,"href":"https:\/\/www.revistarescatados.com.ar\/web\/wp-json\/wp\/v2\/tags?post=9838"}],"curies":[{"name":"wp","href":"https:\/\/api.w.org\/{rel}","templated":true}]}}